{"id":7990,"date":"2025-06-02T12:35:00","date_gmt":"2025-06-02T10:35:00","guid":{"rendered":"https:\/\/ogvs-kreis-rothenburg.de\/?p=7990"},"modified":"2025-06-02T12:09:04","modified_gmt":"2025-06-02T10:09:04","slug":"tag-der-offenen-gartentuer-juni-2025","status":"publish","type":"post","link":"https:\/\/ogvs-kreis-rothenburg.de\/index.php\/2025\/06\/02\/tag-der-offenen-gartentuer-juni-2025\/","title":{"rendered":"Tag der offenen Gartent\u00fcr Juni 2025"},"content":{"rendered":"\n<p>hier findet ihr die \u00dcbersicht der G\u00e4rten die im Jahr 2025 teilnehmen. <\/p>\n\n\n\n<p><strong>Sonntag, 29. Juni 2025<\/strong><\/p>\n\n\n\n<p>Nutzt den Tag, um euch Anregungen und L\u00f6sungans\u00e4tze f\u00fcr die Gartengestaltung zu holen.<\/p>\n\n\n\n<div data-wp-interactive=\"core\/file\" class=\"wp-block-file\"><object data-wp-bind--hidden=\"!state.hasPdfPreview\" hidden class=\"wp-block-file__embed\" data=\"https:\/\/ogvs-kreis-rothenburg.de\/wp-content\/uploads\/2025\/06\/Tag_der_offenen_Gartentuer_Mittelfranken_2025.pdf\" type=\"application\/pdf\" style=\"width:100%;height:600px\" aria-label=\"Einbettung von Tag_der_offenen_Gartentuer_Mittelfranken_2025.\"><\/object><a id=\"wp-block-file--media-40cf0900-9ccc-4065-8a8a-132199c4e03d\" href=\"https:\/\/ogvs-kreis-rothenburg.de\/wp-content\/uploads\/2025\/06\/Tag_der_offenen_Gartentuer_Mittelfranken_2025.pdf\">Tag_der_offenen_Gartentuer_Mittelfranken_2025<\/a><a href=\"https:\/\/ogvs-kreis-rothenburg.de\/wp-content\/uploads\/2025\/06\/Tag_der_offenen_Gartentuer_Mittelfranken_2025.pdf\" class=\"wp-block-file__button wp-element-button\" download aria-describedby=\"wp-block-file--media-40cf0900-9ccc-4065-8a8a-132199c4e03d\">Herunterladen<\/a><\/div>\n","protected":false},"excerpt":{"rendered":"<p>hier findet ihr die \u00dcbersicht der G\u00e4rten die im Jahr 2025 teilnehmen. Sonntag, 29. Juni 2025 Nutzt den Tag, um euch Anregungen und L\u00f6sungans\u00e4tze f\u00fcr die Gartengestaltung zu holen.<\/p>\n","protected":false},"author":3,"featured_media":0,"comment_status":"closed","ping_status":"closed","sticky":false,"template":"","format":"standard","meta":{"om_disable_all_campaigns":false,"_monsterinsights_skip_tracking":false,"_monsterinsights_sitenote_active":false,"_monsterinsights_sitenote_note":"","_monsterinsights_sitenote_category":0,"footnotes":""},"categories":[161,63],"tags":[171,170,169],"class_list":["post-7990","post","type-post","status-publish","format-standard","hentry","category-aktionstag","category-gartenbau","tag-gartengestaltung","tag-mittelfranken","tag-offene-gartentuer-2025"],"aioseo_notices":[],"featured_media_urls":[],"_links":{"self":[{"href":"https:\/\/ogvs-kreis-rothenburg.de\/index.php\/wp-json\/wp\/v2\/posts\/7990","targetHints":{"allow":["GET"]}}],"collection":[{"href":"https:\/\/ogvs-kreis-rothenburg.de\/index.php\/wp-json\/wp\/v2\/posts"}],"about":[{"href":"https:\/\/ogvs-kreis-rothenburg.de\/index.php\/wp-json\/wp\/v2\/types\/post"}],"author":[{"embeddable":true,"href":"https:\/\/ogvs-kreis-rothenburg.de\/index.php\/wp-json\/wp\/v2\/users\/3"}],"replies":[{"embeddable":true,"href":"https:\/\/ogvs-kreis-rothenburg.de\/index.php\/wp-json\/wp\/v2\/comments?post=7990"}],"version-history":[{"count":1,"href":"https:\/\/ogvs-kreis-rothenburg.de\/index.php\/wp-json\/wp\/v2\/posts\/7990\/revisions"}],"predecessor-version":[{"id":7992,"href":"https:\/\/ogvs-kreis-rothenburg.de\/index.php\/wp-json\/wp\/v2\/posts\/7990\/revisions\/7992"}],"wp:attachment":[{"href":"https:\/\/ogvs-kreis-rothenburg.de\/index.php\/wp-json\/wp\/v2\/media?parent=7990"}],"wp:term":[{"taxonomy":"category","embeddable":true,"href":"https:\/\/ogvs-kreis-rothenburg.de\/index.php\/wp-json\/wp\/v2\/categories?post=7990"},{"taxonomy":"post_tag","embeddable":true,"href":"https:\/\/ogvs-kreis-rothenburg.de\/index.php\/wp-json\/wp\/v2\/tags?post=7990"}],"curies":[{"name":"wp","href":"https:\/\/api.w.org\/{rel}","templated":true}]}}