{"id":7902,"date":"2025-02-20T13:00:00","date_gmt":"2025-02-20T12:00:00","guid":{"rendered":"https:\/\/ogvs-kreis-rothenburg.de\/?p=7902"},"modified":"2025-02-20T12:16:31","modified_gmt":"2025-02-20T11:16:31","slug":"das-richtige-werkzeug-fuer-den-baumschnitt-teil-4-leitern-und-asthaken","status":"publish","type":"post","link":"https:\/\/ogvs-kreis-rothenburg.de\/index.php\/2025\/02\/20\/das-richtige-werkzeug-fuer-den-baumschnitt-teil-4-leitern-und-asthaken\/","title":{"rendered":"Das richtige Werkzeug f\u00fcr den Baumschnitt \u2013 Teil 4 Leitern und Asthaken"},"content":{"rendered":"\n<p><strong>Leitern<\/strong><\/p>\n\n\n\n<p>Um fachgerecht schneiden zu k\u00f6nnen (von oben nach unten), brauchen wir eine geeignete Leiter.<\/p>\n\n\n\n<p>Wichtige Anforderungen an eine Leiter sind: sicherer Stand, m\u00f6glichst geringes Gewicht und hohe Flexibilit\u00e4t.<\/p>\n\n\n\n<p>F\u00fcr den sicheren Stand sind Leiterdorne \/ Erdspitzen unabdingbar. Niemand m\u00f6chte, dass die Leiter unten wegrutscht, wenn man auf 4m H\u00f6he ist!<\/p>\n\n\n\n<p>Wer mehr als einen Baum schneiden m\u00f6chte ist \u00fcber jedes Gramm, dass die Leiter weniger wiegt, dankbar. W\u00e4hrend des Schneidens ist es h\u00e4ufiger n\u00f6tig die Leiter umzustellen.<\/p>\n\n\n\n<p>Die Flexibilit\u00e4t ist wichtig, um B\u00e4ume verschiedenster Gr\u00f6\u00dfe schneiden zu k\u00f6nnen. Am Jungbaum, wo die Leiter nicht angelegt werden kann, brauchen wir einen Bock, bei gr\u00f6\u00dferen B\u00e4umen eine Anlegeleiter, anpassbar an die jeweilige Baumh\u00f6he.<\/p>\n\n\n\n<figure class=\"wp-block-image size-large\"><img fetchpriority=\"high\" decoding=\"async\" width=\"768\" height=\"1024\" src=\"https:\/\/ogvs-kreis-rothenburg.de\/wp-content\/uploads\/2025\/02\/20240113_132805-768x1024.jpg\" alt=\"\" class=\"wp-image-7904\" srcset=\"https:\/\/ogvs-kreis-rothenburg.de\/wp-content\/uploads\/2025\/02\/20240113_132805-768x1024.jpg 768w, https:\/\/ogvs-kreis-rothenburg.de\/wp-content\/uploads\/2025\/02\/20240113_132805-225x300.jpg 225w, https:\/\/ogvs-kreis-rothenburg.de\/wp-content\/uploads\/2025\/02\/20240113_132805-600x800.jpg 600w, https:\/\/ogvs-kreis-rothenburg.de\/wp-content\/uploads\/2025\/02\/20240113_132805.jpg 1080w\" sizes=\"(max-width: 768px) 100vw, 768px\" \/><\/figure>\n\n\n\n<figure class=\"wp-block-image size-large\"><img decoding=\"async\" width=\"768\" height=\"1024\" src=\"https:\/\/ogvs-kreis-rothenburg.de\/wp-content\/uploads\/2025\/02\/20230729_154835-F06-PC-ANPAS-01-768x1024.jpg\" alt=\"\" class=\"wp-image-7903\" srcset=\"https:\/\/ogvs-kreis-rothenburg.de\/wp-content\/uploads\/2025\/02\/20230729_154835-F06-PC-ANPAS-01-768x1024.jpg 768w, https:\/\/ogvs-kreis-rothenburg.de\/wp-content\/uploads\/2025\/02\/20230729_154835-F06-PC-ANPAS-01-225x300.jpg 225w, https:\/\/ogvs-kreis-rothenburg.de\/wp-content\/uploads\/2025\/02\/20230729_154835-F06-PC-ANPAS-01-600x800.jpg 600w, https:\/\/ogvs-kreis-rothenburg.de\/wp-content\/uploads\/2025\/02\/20230729_154835-F06-PC-ANPAS-01.jpg 1080w\" sizes=\"(max-width: 768px) 100vw, 768px\" \/><\/figure>\n\n\n\n<p>Eine Leiter, die diese Eigenschaften alle mitbringt, ist die Siedra Teleskopleiter 985. Erh\u00e4ltlich in den Gr\u00f6\u00dfen 4&#215;3 bis 4&#215;8.<\/p>\n\n\n\n<p><a href=\"https:\/\/siedrashop.de\/leitern\/mehrzweckleiter\/40\/teleskopleiter-985\">https:\/\/siedrashop.de\/leitern\/mehrzweckleiter\/40\/teleskopleiter-985<\/a><\/p>\n\n\n\n<p>Den besten Kompromiss zwischen maximaler H\u00f6he und Gewicht bietet die Gr\u00f6\u00dfe 4&#215;5.<\/p>\n\n\n\n<p>Diese Variante kann man den \u201eBaumwart-Standard\u201c in den Lehranstalten Triesdorf nennen.<\/p>\n\n\n\n<p><strong>\u00a0Asthaken<\/strong><\/p>\n\n\n\n<p>Um geschnittene \u00c4ste effektiv aus der Krone entfernen zu k\u00f6nnen wird ein Asthaken ben\u00f6tigt.<\/p>\n\n\n\n<p>Es gibt einmal die M\u00f6glichkeit die Stangens\u00e4ge mit dem passenden Asthaken zu erg\u00e4nzen (siehe Teil 3) oder einen separaten Teleskopstiel mit Haken zu nutzen.<\/p>\n\n\n\n<p>Wichtig sind dabei ein m\u00f6glichst geringes Gewicht und eine gute Robustheit.<\/p>\n\n\n\n<p>F\u00fcr den Variostiel von Wolf Garten gibt es leider den Haken nicht mehr zu kaufen.<\/p>\n\n\n\n<p>Alternativen gibt es von Gardena oder ARS.<\/p>\n\n\n\n<p><a href=\"https:\/\/www.gardena.com\/de\/produkte\/beet-bodenbearbeitung\/combisystem\/combisystem-asthaken\/970638001.html\">https:\/\/www.gardena.com\/de\/produkte\/beet-bodenbearbeitung\/combisystem\/combisystem-asthaken\/970638001.html<\/a><\/p>\n\n\n\n<p><a href=\"https:\/\/www.gardena.com\/de\/produkte\/beet-bodenbearbeitung\/combisystem\/combisystem-teleskopstiel-160---290-cm\/967319101.html\">https:\/\/www.gardena.com\/de\/produkte\/beet-bodenbearbeitung\/combisystem\/combisystem-teleskopstiel-160&#8212;290-cm\/967319101.html<\/a><\/p>\n\n\n\n<p>Die einzelnen Bestandteile der Ausstattung f\u00fcr den Baumschnitt, haben wir damit zusammen.<\/p>\n\n\n\n<p><strong>Im letzten Teil stelle ich noch eine konkrete Zusammenstellung vor. Danach sollte sich jeder ein Set f\u00fcr die eigenen Anforderungen zusammenstellen k\u00f6nnen.<\/strong><\/p>\n","protected":false},"excerpt":{"rendered":"<p>Leitern Um fachgerecht schneiden zu k\u00f6nnen (von oben nach unten), brauchen wir eine geeignete Leiter. Wichtige Anforderungen an eine Leiter sind: sicherer Stand, m\u00f6glichst geringes Gewicht und hohe Flexibilit\u00e4t. F\u00fcr den sicheren Stand sind Leiterdorne \/ Erdspitzen unabdingbar. Niemand m\u00f6chte, dass die Leiter unten wegrutscht, wenn man auf 4m H\u00f6he ist! Wer mehr als einen &hellip; <\/p>\n<p class=\"link-more\"><a href=\"https:\/\/ogvs-kreis-rothenburg.de\/index.php\/2025\/02\/20\/das-richtige-werkzeug-fuer-den-baumschnitt-teil-4-leitern-und-asthaken\/\" class=\"more-link\">Mehr <span class=\"screen-reader-text\">\u00fcber &#8222;Das richtige Werkzeug f\u00fcr den Baumschnitt \u2013 Teil 4 Leitern und Asthaken&#8220; <\/span>Lesen<\/a><\/p>\n","protected":false},"author":3,"featured_media":7905,"comment_status":"closed","ping_status":"closed","sticky":false,"template":"","format":"standard","meta":{"om_disable_all_campaigns":false,"_monsterinsights_skip_tracking":false,"_monsterinsights_sitenote_active":false,"_monsterinsights_sitenote_note":"","_monsterinsights_sitenote_category":0,"footnotes":""},"categories":[63,61],"tags":[149,143,148,141,140],"class_list":["post-7902","post","type-post","status-publish","format-standard","has-post-thumbnail","hentry","category-gartenbau","category-streuobst","tag-asthaken","tag-baumschnitt","tag-leitern","tag-serie","tag-werkzeug"],"aioseo_notices":[],"featured_media_urls":{"thumbnail":["https:\/\/ogvs-kreis-rothenburg.de\/wp-content\/uploads\/2025\/02\/20241013_140842-150x150.jpg",150,150,true],"medium":["https:\/\/ogvs-kreis-rothenburg.de\/wp-content\/uploads\/2025\/02\/20241013_140842-300x225.jpg",300,225,true],"medium_large":["https:\/\/ogvs-kreis-rothenburg.de\/wp-content\/uploads\/2025\/02\/20241013_140842-768x576.jpg",768,576,true],"large":["https:\/\/ogvs-kreis-rothenburg.de\/wp-content\/uploads\/2025\/02\/20241013_140842-1024x768.jpg",950,713,true],"1536x1536":["https:\/\/ogvs-kreis-rothenburg.de\/wp-content\/uploads\/2025\/02\/20241013_140842.jpg",1440,1080,false],"2048x2048":["https:\/\/ogvs-kreis-rothenburg.de\/wp-content\/uploads\/2025\/02\/20241013_140842.jpg",1440,1080,false],"inspiro-featured-image":["https:\/\/ogvs-kreis-rothenburg.de\/wp-content\/uploads\/2025\/02\/20241013_140842.jpg",1440,1080,false],"inspiro-loop":["https:\/\/ogvs-kreis-rothenburg.de\/wp-content\/uploads\/2025\/02\/20241013_140842-950x320.jpg",950,320,true],"inspiro-loop@2x":["https:\/\/ogvs-kreis-rothenburg.de\/wp-content\/uploads\/2025\/02\/20241013_140842-1440x640.jpg",1440,640,true],"portfolio_item-thumbnail":["https:\/\/ogvs-kreis-rothenburg.de\/wp-content\/uploads\/2025\/02\/20241013_140842.jpg",533,400,false],"portfolio_item-thumbnail@2x":["https:\/\/ogvs-kreis-rothenburg.de\/wp-content\/uploads\/2025\/02\/20241013_140842.jpg",1067,800,false],"portfolio_item-masonry":["https:\/\/ogvs-kreis-rothenburg.de\/wp-content\/uploads\/2025\/02\/20241013_140842.jpg",600,450,false],"portfolio_item-masonry@2x":["https:\/\/ogvs-kreis-rothenburg.de\/wp-content\/uploads\/2025\/02\/20241013_140842.jpg",1200,900,false],"portfolio_item-thumbnail_cinema":["https:\/\/ogvs-kreis-rothenburg.de\/wp-content\/uploads\/2025\/02\/20241013_140842.jpg",447,335,false],"portfolio_item-thumbnail_portrait":["https:\/\/ogvs-kreis-rothenburg.de\/wp-content\/uploads\/2025\/02\/20241013_140842.jpg",600,450,false],"portfolio_item-thumbnail_portrait@2x":["https:\/\/ogvs-kreis-rothenburg.de\/wp-content\/uploads\/2025\/02\/20241013_140842.jpg",1200,900,false],"portfolio_item-thumbnail_square":["https:\/\/ogvs-kreis-rothenburg.de\/wp-content\/uploads\/2025\/02\/20241013_140842.jpg",800,600,false]},"_links":{"self":[{"href":"https:\/\/ogvs-kreis-rothenburg.de\/index.php\/wp-json\/wp\/v2\/posts\/7902","targetHints":{"allow":["GET"]}}],"collection":[{"href":"https:\/\/ogvs-kreis-rothenburg.de\/index.php\/wp-json\/wp\/v2\/posts"}],"about":[{"href":"https:\/\/ogvs-kreis-rothenburg.de\/index.php\/wp-json\/wp\/v2\/types\/post"}],"author":[{"embeddable":true,"href":"https:\/\/ogvs-kreis-rothenburg.de\/index.php\/wp-json\/wp\/v2\/users\/3"}],"replies":[{"embeddable":true,"href":"https:\/\/ogvs-kreis-rothenburg.de\/index.php\/wp-json\/wp\/v2\/comments?post=7902"}],"version-history":[{"count":1,"href":"https:\/\/ogvs-kreis-rothenburg.de\/index.php\/wp-json\/wp\/v2\/posts\/7902\/revisions"}],"predecessor-version":[{"id":7906,"href":"https:\/\/ogvs-kreis-rothenburg.de\/index.php\/wp-json\/wp\/v2\/posts\/7902\/revisions\/7906"}],"wp:featuredmedia":[{"embeddable":true,"href":"https:\/\/ogvs-kreis-rothenburg.de\/index.php\/wp-json\/wp\/v2\/media\/7905"}],"wp:attachment":[{"href":"https:\/\/ogvs-kreis-rothenburg.de\/index.php\/wp-json\/wp\/v2\/media?parent=7902"}],"wp:term":[{"taxonomy":"category","embeddable":true,"href":"https:\/\/ogvs-kreis-rothenburg.de\/index.php\/wp-json\/wp\/v2\/categories?post=7902"},{"taxonomy":"post_tag","embeddable":true,"href":"https:\/\/ogvs-kreis-rothenburg.de\/index.php\/wp-json\/wp\/v2\/tags?post=7902"}],"curies":[{"name":"wp","href":"https:\/\/api.w.org\/{rel}","templated":true}]}}