{"id":7876,"date":"2025-02-19T19:00:00","date_gmt":"2025-02-19T18:00:00","guid":{"rendered":"https:\/\/ogvs-kreis-rothenburg.de\/?p=7876"},"modified":"2025-02-20T15:50:34","modified_gmt":"2025-02-20T14:50:34","slug":"das-richtige-werkzeug-fuer-den-baumschnitt-teil-2","status":"publish","type":"post","link":"https:\/\/ogvs-kreis-rothenburg.de\/index.php\/2025\/02\/19\/das-richtige-werkzeug-fuer-den-baumschnitt-teil-2\/","title":{"rendered":"Das richtige Werkzeug f\u00fcr den Baumschnitt &#8211; Teil 2 Teleskop- und Akkuscheren"},"content":{"rendered":"\n<p><strong>Teleskop- und Akkuscheren<\/strong><\/p>\n\n\n\n<p><\/p>\n\n\n\n<figure class=\"wp-block-image size-large\"><img fetchpriority=\"high\" decoding=\"async\" width=\"1024\" height=\"768\" src=\"https:\/\/ogvs-kreis-rothenburg.de\/wp-content\/uploads\/2025\/02\/20230429_204051-1024x768.jpg\" alt=\"\" class=\"wp-image-7879\" srcset=\"https:\/\/ogvs-kreis-rothenburg.de\/wp-content\/uploads\/2025\/02\/20230429_204051-1024x768.jpg 1024w, https:\/\/ogvs-kreis-rothenburg.de\/wp-content\/uploads\/2025\/02\/20230429_204051-300x225.jpg 300w, https:\/\/ogvs-kreis-rothenburg.de\/wp-content\/uploads\/2025\/02\/20230429_204051-768x576.jpg 768w, https:\/\/ogvs-kreis-rothenburg.de\/wp-content\/uploads\/2025\/02\/20230429_204051-1536x1152.jpg 1536w, https:\/\/ogvs-kreis-rothenburg.de\/wp-content\/uploads\/2025\/02\/20230429_204051-2048x1536.jpg 2048w, https:\/\/ogvs-kreis-rothenburg.de\/wp-content\/uploads\/2025\/02\/20230429_204051-2000x1500.jpg 2000w, https:\/\/ogvs-kreis-rothenburg.de\/wp-content\/uploads\/2025\/02\/20230429_204051-600x450.jpg 600w, https:\/\/ogvs-kreis-rothenburg.de\/wp-content\/uploads\/2025\/02\/20230429_204051-1200x900.jpg 1200w\" sizes=\"(max-width: 1024px) 100vw, 1024px\" \/><\/figure>\n\n\n\n<p>Bei meinen Schnittkursen kommt oft die Frage nach geeignetem Werkzeug auf.<\/p>\n\n\n\n<p>In dieser kleinen Serie m\u00f6chte ich euch bew\u00e4hrte Ausr\u00fcstung vorstellen, um B\u00e4ume effektiv und mit Spa\u00df schneiden zu k\u00f6nnen.<\/p>\n\n\n\n<p>Die vorgestellten Werkzeuge benutze ich seit Jahren selbst oder kenne sie aus eigener Erfahrung.<\/p>\n\n\n\n<p><strong>Akku \u2013 Bypass Scheren<\/strong><\/p>\n\n\n\n<p>Der maximale Astdurchmesser, der geschnitten werden kann, liegt zwischen 2,5 bis 5 cm.<\/p>\n\n\n\n<p>Hersteller von hochwertigen Akkuscheren sind z.B. Felco, Bosch und Bahco.<\/p>\n\n\n\n<figure class=\"wp-block-embed is-type-link is-provider-einbetten wp-block-embed-einbetten\"><div class=\"wp-block-embed__wrapper\">\n<a hcb-fetch-image-from=\"https:\/\/eu.felco.com\/de\/collections\/powertools\" href=\"https:\/\/eu.felco.com\/de\/collections\/powertools\">Elektrowerkzeuge<\/a>\n<\/div><\/figure>\n\n\n\n<p><a href=\"https:\/\/www.bahco.com\/de_de\/produkte\/profi-akku-gerate-fur-gala-bau\/baum-reb-und-gartenscheren.html\">https:\/\/www.bahco.com\/de_de\/produkte\/profi-akku-gerate-fur-gala-bau\/baum-reb-und-gartenscheren.html<\/a><\/p>\n\n\n\n<p><a href=\"https:\/\/www.bosch-professional.com\/om\/en\/products\/pro-pruner-06019K1020\">https:\/\/www.bosch-professional.com\/om\/en\/products\/pro-pruner-06019K1020<\/a><\/p>\n\n\n\n<p>Die Scheren unterscheiden sich deutlich im maximalen Astdurchmesser und Preis.<\/p>\n\n\n\n<p>Am interessantesten f\u00fcr den Hausgartengebrauch d\u00fcrften der Bosch Pro Pruner oder die Felco 834W sein.<\/p>\n\n\n\n<p>Vorteile bei allen Herstellern: Ersatzteile sind einzeln verf\u00fcgbar, sehr hohe Qualit\u00e4t f\u00fcr den langj\u00e4hrigen Einsatz, deutlich weniger Kraftaufwand n\u00f6tig<\/p>\n\n\n\n<p>Preislich bewegen sich die Scheren zwischen 200\u20ac und 1700\u20ac<\/p>\n\n\n\n<p>Im Einsatz habe ich die Felco 822+ und den Bosch Pro Pruner.<\/p>\n\n\n\n<p>Akku-Scheren f\u00fcr die Jungbaumerziehung und den kraftsparenden Schnitt von st\u00e4rkeren Trieben \u2013 Durchmesser bis max. 5 cm m\u00f6glich (Felco 822+)<\/p>\n\n\n\n<p><strong>Schneidgiraffen<\/strong><\/p>\n\n\n\n<p>F\u00fcr das Schneiden von abgetragenem Fruchtholz, vom Boden aus sind Teleskopscheren das geeignete Werkzeug. Hersteller sind Tiger und Fiskars.<\/p>\n\n\n\n<p><a href=\"https:\/\/shop.tiger-pabst.de\/TIGER-HE-4-HELIUM-Teleskop-Baumschere-lang-ausziehbar-236-400-cm-1.660-g\/1354-00\">https:\/\/shop.tiger-pabst.de\/TIGER-HE-4-HELIUM-Teleskop-Baumschere-lang-ausziehbar-236-400-cm-1.660-g\/1354-00<\/a><\/p>\n\n\n\n<p><a href=\"https:\/\/www.fiskars.com\/de-de\/garten\/produkte\/schneidgiraffen\/powergear-x-teleskop-schneidgiraffe-upx86-1055689\">https:\/\/www.fiskars.com\/de-de\/garten\/produkte\/schneidgiraffen\/powergear-x-teleskop-schneidgiraffe-upx86-1055689<\/a><\/p>\n\n\n\n<p>Preislich liegen Schneidgiraffen um ca. 200\u20ac<\/p>\n\n\n\n<p>Gr\u00f6\u00dfere Durchmesser k\u00f6nnen effektiv, vom Boden aus geschnitten werden. <\/p>\n","protected":false},"excerpt":{"rendered":"<p>Teleskop- und Akkuscheren Bei meinen Schnittkursen kommt oft die Frage nach geeignetem Werkzeug auf. In dieser kleinen Serie m\u00f6chte ich euch bew\u00e4hrte Ausr\u00fcstung vorstellen, um B\u00e4ume effektiv und mit Spa\u00df schneiden zu k\u00f6nnen. Die vorgestellten Werkzeuge benutze ich seit Jahren selbst oder kenne sie aus eigener Erfahrung. Akku \u2013 Bypass Scheren Der maximale Astdurchmesser, der &hellip; <\/p>\n<p class=\"link-more\"><a href=\"https:\/\/ogvs-kreis-rothenburg.de\/index.php\/2025\/02\/19\/das-richtige-werkzeug-fuer-den-baumschnitt-teil-2\/\" class=\"more-link\">Mehr <span class=\"screen-reader-text\">\u00fcber &#8222;Das richtige Werkzeug f\u00fcr den Baumschnitt &#8211; Teil 2 Teleskop- und Akkuscheren&#8220; <\/span>Lesen<\/a><\/p>\n","protected":false},"author":3,"featured_media":7879,"comment_status":"closed","ping_status":"closed","sticky":false,"template":"","format":"standard","meta":{"om_disable_all_campaigns":false,"_monsterinsights_skip_tracking":false,"_monsterinsights_sitenote_active":false,"_monsterinsights_sitenote_note":"","_monsterinsights_sitenote_category":0,"footnotes":""},"categories":[63,61],"tags":[144,143,141,145,140],"class_list":["post-7876","post","type-post","status-publish","format-standard","has-post-thumbnail","hentry","category-gartenbau","category-streuobst","tag-akkuscheren","tag-baumschnitt","tag-serie","tag-teleskopscheren","tag-werkzeug"],"aioseo_notices":[],"featured_media_urls":{"thumbnail":["https:\/\/ogvs-kreis-rothenburg.de\/wp-content\/uploads\/2025\/02\/20230429_204051-150x150.jpg",150,150,true],"medium":["https:\/\/ogvs-kreis-rothenburg.de\/wp-content\/uploads\/2025\/02\/20230429_204051-300x225.jpg",300,225,true],"medium_large":["https:\/\/ogvs-kreis-rothenburg.de\/wp-content\/uploads\/2025\/02\/20230429_204051-768x576.jpg",768,576,true],"large":["https:\/\/ogvs-kreis-rothenburg.de\/wp-content\/uploads\/2025\/02\/20230429_204051-1024x768.jpg",950,713,true],"1536x1536":["https:\/\/ogvs-kreis-rothenburg.de\/wp-content\/uploads\/2025\/02\/20230429_204051-1536x1152.jpg",1536,1152,true],"2048x2048":["https:\/\/ogvs-kreis-rothenburg.de\/wp-content\/uploads\/2025\/02\/20230429_204051-2048x1536.jpg",2048,1536,true],"inspiro-featured-image":["https:\/\/ogvs-kreis-rothenburg.de\/wp-content\/uploads\/2025\/02\/20230429_204051-2000x1500.jpg",2000,1500,true],"inspiro-loop":["https:\/\/ogvs-kreis-rothenburg.de\/wp-content\/uploads\/2025\/02\/20230429_204051-950x320.jpg",950,320,true],"inspiro-loop@2x":["https:\/\/ogvs-kreis-rothenburg.de\/wp-content\/uploads\/2025\/02\/20230429_204051-1900x640.jpg",1900,640,true],"portfolio_item-thumbnail":["https:\/\/ogvs-kreis-rothenburg.de\/wp-content\/uploads\/2025\/02\/20230429_204051-600x400.jpg",600,400,true],"portfolio_item-thumbnail@2x":["https:\/\/ogvs-kreis-rothenburg.de\/wp-content\/uploads\/2025\/02\/20230429_204051-1200x800.jpg",1200,800,true],"portfolio_item-masonry":["https:\/\/ogvs-kreis-rothenburg.de\/wp-content\/uploads\/2025\/02\/20230429_204051-600x450.jpg",600,450,true],"portfolio_item-masonry@2x":["https:\/\/ogvs-kreis-rothenburg.de\/wp-content\/uploads\/2025\/02\/20230429_204051-1200x900.jpg",1200,900,true],"portfolio_item-thumbnail_cinema":["https:\/\/ogvs-kreis-rothenburg.de\/wp-content\/uploads\/2025\/02\/20230429_204051-800x335.jpg",800,335,true],"portfolio_item-thumbnail_portrait":["https:\/\/ogvs-kreis-rothenburg.de\/wp-content\/uploads\/2025\/02\/20230429_204051-600x900.jpg",600,900,true],"portfolio_item-thumbnail_portrait@2x":["https:\/\/ogvs-kreis-rothenburg.de\/wp-content\/uploads\/2025\/02\/20230429_204051-1200x1800.jpg",1200,1800,true],"portfolio_item-thumbnail_square":["https:\/\/ogvs-kreis-rothenburg.de\/wp-content\/uploads\/2025\/02\/20230429_204051-800x800.jpg",800,800,true]},"_links":{"self":[{"href":"https:\/\/ogvs-kreis-rothenburg.de\/index.php\/wp-json\/wp\/v2\/posts\/7876","targetHints":{"allow":["GET"]}}],"collection":[{"href":"https:\/\/ogvs-kreis-rothenburg.de\/index.php\/wp-json\/wp\/v2\/posts"}],"about":[{"href":"https:\/\/ogvs-kreis-rothenburg.de\/index.php\/wp-json\/wp\/v2\/types\/post"}],"author":[{"embeddable":true,"href":"https:\/\/ogvs-kreis-rothenburg.de\/index.php\/wp-json\/wp\/v2\/users\/3"}],"replies":[{"embeddable":true,"href":"https:\/\/ogvs-kreis-rothenburg.de\/index.php\/wp-json\/wp\/v2\/comments?post=7876"}],"version-history":[{"count":4,"href":"https:\/\/ogvs-kreis-rothenburg.de\/index.php\/wp-json\/wp\/v2\/posts\/7876\/revisions"}],"predecessor-version":[{"id":7907,"href":"https:\/\/ogvs-kreis-rothenburg.de\/index.php\/wp-json\/wp\/v2\/posts\/7876\/revisions\/7907"}],"wp:featuredmedia":[{"embeddable":true,"href":"https:\/\/ogvs-kreis-rothenburg.de\/index.php\/wp-json\/wp\/v2\/media\/7879"}],"wp:attachment":[{"href":"https:\/\/ogvs-kreis-rothenburg.de\/index.php\/wp-json\/wp\/v2\/media?parent=7876"}],"wp:term":[{"taxonomy":"category","embeddable":true,"href":"https:\/\/ogvs-kreis-rothenburg.de\/index.php\/wp-json\/wp\/v2\/categories?post=7876"},{"taxonomy":"post_tag","embeddable":true,"href":"https:\/\/ogvs-kreis-rothenburg.de\/index.php\/wp-json\/wp\/v2\/tags?post=7876"}],"curies":[{"name":"wp","href":"https:\/\/api.w.org\/{rel}","templated":true}]}}