{"id":7774,"date":"2024-04-18T11:40:21","date_gmt":"2024-04-18T09:40:21","guid":{"rendered":"https:\/\/ogvs-kreis-rothenburg.de\/?p=7774"},"modified":"2024-04-21T16:50:51","modified_gmt":"2024-04-21T14:50:51","slug":"obstbaumschnittkurs-des-ogv-bettenfeld-vom-jungbaum-bis-zum-altbaum","status":"publish","type":"post","link":"https:\/\/ogvs-kreis-rothenburg.de\/index.php\/2024\/04\/18\/obstbaumschnittkurs-des-ogv-bettenfeld-vom-jungbaum-bis-zum-altbaum\/","title":{"rendered":"Obstbaumschnittkurs des OGV Bettenfeld &#8211; vom Jungbaum bis zum Altbaum"},"content":{"rendered":"\n<p>Der Obst- und Gartenbauverein Bettenfeld veranstaltete einen Schnittkurs f\u00fcr Obstb\u00e4ume.<\/p>\n\n\n\n<p>In Bettenfeld lud die Vorstandschaft des Obst- und Gartenbauvereins ein, sich zum fachgerechten Obstbaumschnitt zu treffen. Hierf\u00fcr konnte der zertifizierte Baumwart Clemens N\u00e4hr, Vorsitzender in Neusitz, gewonnen werden.<\/p>\n\n\n\n<p>17 interessierte Frauen und M\u00e4nner des OGV Bettenfeld wurden zu Beginn in die unterschiedlichen Schnittechniken eingewiesen. Neben dem Rundkronen- und dem Oeschbergschnitt konnte sogleich der W\u00fcrttemberger Schnitt an einem Zwetschgenbaum im Obstgarten erkannt werden.<\/p>\n\n\n\n<figure class=\"wp-block-image size-large is-style-default\"><img fetchpriority=\"high\" decoding=\"async\" width=\"768\" height=\"1024\" src=\"https:\/\/ogvs-kreis-rothenburg.de\/wp-content\/uploads\/2024\/04\/20240224_092618-768x1024.jpg\" alt=\"Demonstration Erziehungschnitt\" class=\"wp-image-7775\" srcset=\"https:\/\/ogvs-kreis-rothenburg.de\/wp-content\/uploads\/2024\/04\/20240224_092618-768x1024.jpg 768w, https:\/\/ogvs-kreis-rothenburg.de\/wp-content\/uploads\/2024\/04\/20240224_092618-225x300.jpg 225w, https:\/\/ogvs-kreis-rothenburg.de\/wp-content\/uploads\/2024\/04\/20240224_092618-600x800.jpg 600w, https:\/\/ogvs-kreis-rothenburg.de\/wp-content\/uploads\/2024\/04\/20240224_092618.jpg 960w\" sizes=\"(max-width: 768px) 100vw, 768px\" \/><\/figure>\n\n\n\n<p>Baumwart N\u00e4hr wies zudem darauf hin, dass <strong>\u201ekein Schnitt\u201c ung\u00fcnstiger<\/strong> ist als ein<strong> \u201eung\u00fcnstiger Schnitt\u201c<\/strong> (hat aber auch seine Grenzen!) und versuchte somit die gro\u00dfe Gruppe zum Anlegen der Scheren im heimischen Obstgarten zu animieren. Zwischenzeitlich zog ungem\u00fctlicher Regen auf, f\u00fcr diese Zeit konnten die Teilnehmer auf ein ger\u00e4umiges Gartenhaus ausweichen.<\/p>\n\n\n\n<p>Der Lehrgang ging weiter \u00fcber Krankheiten von Obstb\u00e4umen bis hin zu deren \u00f6kologischen Gegenma\u00dfnahmen. Der korrekte Schnittzeitpunkt wurde vermittelt, eine Vielzahl an Werkzeugen f\u00fcr die wertvolle Arbeit besprochen, Sicherheitsaspekte angesprochen. Im Anschluss ging es ans Eingemachte. Die fachliche Vermittlung einer Stammverl\u00e4ngerung, drei Leit\u00e4sten und das zeitlebens Einstellen der Saftwaage am Obstbaum zeigte N\u00e4hr an einem mitgebrachten Jungbaum auf der Wurzelunterlage St. Julien. W\u00e4hrenddessen gab es Kaffee und leckeres Landfrauengeb\u00e4ck. Die Sonne zeigte sich inzwischen wieder von ihrer sch\u00f6nsten Seite und Baumwart N\u00e4hr ging auf die Leiter, um einen alten Zwetschgenbaum an Ort und Stelle die Stammverl\u00e4ngerung zu geben. Frucht\u00e4ste wurden herausgearbeitet und zu guter Letzt noch die Leit\u00e4ste in die Saftwaage gebracht.<\/p>\n\n\n\n<figure class=\"wp-block-image size-large\"><img decoding=\"async\" width=\"1024\" height=\"768\" src=\"https:\/\/ogvs-kreis-rothenburg.de\/wp-content\/uploads\/2024\/04\/20240224_110713-1024x768.jpg\" alt=\"\" class=\"wp-image-7776\" srcset=\"https:\/\/ogvs-kreis-rothenburg.de\/wp-content\/uploads\/2024\/04\/20240224_110713-1024x768.jpg 1024w, https:\/\/ogvs-kreis-rothenburg.de\/wp-content\/uploads\/2024\/04\/20240224_110713-300x225.jpg 300w, https:\/\/ogvs-kreis-rothenburg.de\/wp-content\/uploads\/2024\/04\/20240224_110713-768x576.jpg 768w, https:\/\/ogvs-kreis-rothenburg.de\/wp-content\/uploads\/2024\/04\/20240224_110713-600x450.jpg 600w, https:\/\/ogvs-kreis-rothenburg.de\/wp-content\/uploads\/2024\/04\/20240224_110713.jpg 1280w\" sizes=\"(max-width: 1024px) 100vw, 1024px\" \/><\/figure>\n\n\n\n<p>Voll fachlichem Input ging die gro\u00dfe Gruppe von Bettenfelder OGV nach Hause, um dort selbst Schere und S\u00e4ge anzulegen. Im n\u00e4chsten Jahr soll sich zur Vertiefung zum gemeinsamen Baumschneiden in den Obstg\u00e4rten der Vereinsmitglieder getroffen werden. Baumwart N\u00e4hr sagte dazu bereits seine fachliche Unterst\u00fctzung zu.<\/p>\n\n\n\n<figure class=\"wp-block-image size-large\"><img decoding=\"async\" width=\"1024\" height=\"768\" src=\"https:\/\/ogvs-kreis-rothenburg.de\/wp-content\/uploads\/2024\/04\/20240224_111147-1024x768.jpg\" alt=\"\" class=\"wp-image-7777\" srcset=\"https:\/\/ogvs-kreis-rothenburg.de\/wp-content\/uploads\/2024\/04\/20240224_111147-1024x768.jpg 1024w, https:\/\/ogvs-kreis-rothenburg.de\/wp-content\/uploads\/2024\/04\/20240224_111147-300x225.jpg 300w, https:\/\/ogvs-kreis-rothenburg.de\/wp-content\/uploads\/2024\/04\/20240224_111147-768x576.jpg 768w, https:\/\/ogvs-kreis-rothenburg.de\/wp-content\/uploads\/2024\/04\/20240224_111147-600x450.jpg 600w, https:\/\/ogvs-kreis-rothenburg.de\/wp-content\/uploads\/2024\/04\/20240224_111147.jpg 1280w\" sizes=\"(max-width: 1024px) 100vw, 1024px\" \/><\/figure>\n","protected":false},"excerpt":{"rendered":"<p>Der Obst- und Gartenbauverein Bettenfeld veranstaltete einen Schnittkurs f\u00fcr Obstb\u00e4ume. In Bettenfeld lud die Vorstandschaft des Obst- und Gartenbauvereins ein, sich zum fachgerechten Obstbaumschnitt zu treffen. Hierf\u00fcr konnte der zertifizierte Baumwart Clemens N\u00e4hr, Vorsitzender in Neusitz, gewonnen werden. 17 interessierte Frauen und M\u00e4nner des OGV Bettenfeld wurden zu Beginn in die unterschiedlichen Schnittechniken eingewiesen. Neben &hellip; <\/p>\n<p class=\"link-more\"><a href=\"https:\/\/ogvs-kreis-rothenburg.de\/index.php\/2024\/04\/18\/obstbaumschnittkurs-des-ogv-bettenfeld-vom-jungbaum-bis-zum-altbaum\/\" class=\"more-link\">Mehr <span class=\"screen-reader-text\">\u00fcber &#8222;Obstbaumschnittkurs des OGV Bettenfeld &#8211; vom Jungbaum bis zum Altbaum&#8220; <\/span>Lesen<\/a><\/p>\n","protected":false},"author":3,"featured_media":7776,"comment_status":"closed","ping_status":"closed","sticky":false,"template":"","format":"standard","meta":{"om_disable_all_campaigns":false,"_monsterinsights_skip_tracking":false,"_monsterinsights_sitenote_active":false,"_monsterinsights_sitenote_note":"","_monsterinsights_sitenote_category":0,"footnotes":""},"categories":[63,62,69,61,65],"tags":[53,125,79,51,124,122,123,108,57],"class_list":["post-7774","post","type-post","status-publish","format-standard","has-post-thumbnail","hentry","category-gartenbau","category-kurs","category-landschaftspflege","category-streuobst","category-vortrag","tag-baumwart","tag-integrierte-massnahmen","tag-krankheiten","tag-kurs","tag-oeschberg","tag-ogv-bettenfeld","tag-rundkrone","tag-schnittkurs","tag-streuobst"],"aioseo_notices":[],"featured_media_urls":{"thumbnail":["https:\/\/ogvs-kreis-rothenburg.de\/wp-content\/uploads\/2024\/04\/20240224_110713-150x150.jpg",150,150,true],"medium":["https:\/\/ogvs-kreis-rothenburg.de\/wp-content\/uploads\/2024\/04\/20240224_110713-300x225.jpg",300,225,true],"medium_large":["https:\/\/ogvs-kreis-rothenburg.de\/wp-content\/uploads\/2024\/04\/20240224_110713-768x576.jpg",768,576,true],"large":["https:\/\/ogvs-kreis-rothenburg.de\/wp-content\/uploads\/2024\/04\/20240224_110713-1024x768.jpg",950,713,true],"1536x1536":["https:\/\/ogvs-kreis-rothenburg.de\/wp-content\/uploads\/2024\/04\/20240224_110713.jpg",1280,960,false],"2048x2048":["https:\/\/ogvs-kreis-rothenburg.de\/wp-content\/uploads\/2024\/04\/20240224_110713.jpg",1280,960,false],"inspiro-featured-image":["https:\/\/ogvs-kreis-rothenburg.de\/wp-content\/uploads\/2024\/04\/20240224_110713.jpg",1280,960,false],"inspiro-loop":["https:\/\/ogvs-kreis-rothenburg.de\/wp-content\/uploads\/2024\/04\/20240224_110713-950x320.jpg",950,320,true],"inspiro-loop@2x":["https:\/\/ogvs-kreis-rothenburg.de\/wp-content\/uploads\/2024\/04\/20240224_110713-1280x640.jpg",1280,640,true],"portfolio_item-thumbnail":["https:\/\/ogvs-kreis-rothenburg.de\/wp-content\/uploads\/2024\/04\/20240224_110713-600x400.jpg",600,400,true],"portfolio_item-thumbnail@2x":["https:\/\/ogvs-kreis-rothenburg.de\/wp-content\/uploads\/2024\/04\/20240224_110713.jpg",1067,800,false],"portfolio_item-masonry":["https:\/\/ogvs-kreis-rothenburg.de\/wp-content\/uploads\/2024\/04\/20240224_110713-600x450.jpg",600,450,true],"portfolio_item-masonry@2x":["https:\/\/ogvs-kreis-rothenburg.de\/wp-content\/uploads\/2024\/04\/20240224_110713.jpg",1200,900,false],"portfolio_item-thumbnail_cinema":["https:\/\/ogvs-kreis-rothenburg.de\/wp-content\/uploads\/2024\/04\/20240224_110713-800x335.jpg",800,335,true],"portfolio_item-thumbnail_portrait":["https:\/\/ogvs-kreis-rothenburg.de\/wp-content\/uploads\/2024\/04\/20240224_110713-600x900.jpg",600,900,true],"portfolio_item-thumbnail_portrait@2x":["https:\/\/ogvs-kreis-rothenburg.de\/wp-content\/uploads\/2024\/04\/20240224_110713.jpg",1200,900,false],"portfolio_item-thumbnail_square":["https:\/\/ogvs-kreis-rothenburg.de\/wp-content\/uploads\/2024\/04\/20240224_110713-800x800.jpg",800,800,true]},"_links":{"self":[{"href":"https:\/\/ogvs-kreis-rothenburg.de\/index.php\/wp-json\/wp\/v2\/posts\/7774","targetHints":{"allow":["GET"]}}],"collection":[{"href":"https:\/\/ogvs-kreis-rothenburg.de\/index.php\/wp-json\/wp\/v2\/posts"}],"about":[{"href":"https:\/\/ogvs-kreis-rothenburg.de\/index.php\/wp-json\/wp\/v2\/types\/post"}],"author":[{"embeddable":true,"href":"https:\/\/ogvs-kreis-rothenburg.de\/index.php\/wp-json\/wp\/v2\/users\/3"}],"replies":[{"embeddable":true,"href":"https:\/\/ogvs-kreis-rothenburg.de\/index.php\/wp-json\/wp\/v2\/comments?post=7774"}],"version-history":[{"count":2,"href":"https:\/\/ogvs-kreis-rothenburg.de\/index.php\/wp-json\/wp\/v2\/posts\/7774\/revisions"}],"predecessor-version":[{"id":7782,"href":"https:\/\/ogvs-kreis-rothenburg.de\/index.php\/wp-json\/wp\/v2\/posts\/7774\/revisions\/7782"}],"wp:featuredmedia":[{"embeddable":true,"href":"https:\/\/ogvs-kreis-rothenburg.de\/index.php\/wp-json\/wp\/v2\/media\/7776"}],"wp:attachment":[{"href":"https:\/\/ogvs-kreis-rothenburg.de\/index.php\/wp-json\/wp\/v2\/media?parent=7774"}],"wp:term":[{"taxonomy":"category","embeddable":true,"href":"https:\/\/ogvs-kreis-rothenburg.de\/index.php\/wp-json\/wp\/v2\/categories?post=7774"},{"taxonomy":"post_tag","embeddable":true,"href":"https:\/\/ogvs-kreis-rothenburg.de\/index.php\/wp-json\/wp\/v2\/tags?post=7774"}],"curies":[{"name":"wp","href":"https:\/\/api.w.org\/{rel}","templated":true}]}}